{"id":1089,"date":"2020-12-16T16:16:27","date_gmt":"2020-12-16T17:16:27","guid":{"rendered":"https:\/\/casadoportinho.com\/?p=1089"},"modified":"2020-12-16T16:24:54","modified_gmt":"2020-12-16T17:24:54","slug":"marcamos-presenca-na-feira-de-produtos-dos-acores-no-el-corte-ingles","status":"publish","type":"post","link":"https:\/\/casadoportinho.com\/en\/marcamos-presenca-na-feira-de-produtos-dos-acores-no-el-corte-ingles\/","title":{"rendered":"We were present at the Azores products fair at El Corte Ingl\u00e9s"},"content":{"rendered":"<div dir=\"auto\">From 11 to 24 September, Casa do Portinho products were present at the <a href=\"https:\/\/www.marcaacores.pt\/\">Azores<\/a> products fair at the El Corte Ingl\u00e9s supermarkets in Lisbon and Gaia. Participation in this fair makes us happy and proud because all the products present were carefully selected by El Corte Ingl\u00e9s.<\/div>\n<div dir=\"auto\"><\/div>\n<div dir=\"auto\">This action was promoted by <a href=\"https:\/\/www.sdea.pt\/\">SDEA<\/a> and <a href=\"https:\/\/www.elcorteingles.pt\/\">El Corte Ingl\u00e9s<\/a> to promote the Azores.<\/div>\n","protected":false},"excerpt":{"rendered":"<p>From 11 to 24 September, Casa do Portinho products were present at the Azores products fair at the El Corte Ingl\u00e9s supermarkets in Lisbon and Gaia. Participation in this fair makes us happy and proud because all the products present were carefully selected by El Corte Ingl\u00e9s. This action was promoted by SDEA and El..<\/p>\n","protected":false},"author":17,"featured_media":1090,"comment_status":"closed","ping_status":"closed","sticky":false,"template":"","format":"standard","meta":{"_acf_changed":false,"footnotes":""},"categories":[83,81],"tags":[],"class_list":["post-1089","post","type-post","status-publish","format-standard","has-post-thumbnail","hentry","category-fairs","category-news"],"acf":[],"yoast_head":"<!-- This site is optimized with the Yoast SEO plugin v27.5 - https:\/\/yoast.com\/product\/yoast-seo-wordpress\/ -->\n<title>We were present at the Azores products fair at El Corte Ingl\u00e9s - Casa do Portinho<\/title>\n<meta name=\"description\" content=\"O mar dos A\u00e7ores \u00e0 sua mesa! Prove o melhor peixe fumado, pescado e produzido de forma artesanal, fumado com faia-da-terra, end\u00e9mica das nossas ilhas.\" \/>\n<meta name=\"robots\" content=\"index, follow, max-snippet:-1, max-image-preview:large, max-video-preview:-1\" \/>\n<link rel=\"canonical\" href=\"https:\/\/casadoportinho.com\/en\/marcamos-presenca-na-feira-de-produtos-dos-acores-no-el-corte-ingles\/\" \/>\n<meta property=\"og:locale\" content=\"en_US\" \/>\n<meta property=\"og:type\" content=\"article\" \/>\n<meta property=\"og:title\" content=\"We were present at the Azores products fair at El Corte Ingl\u00e9s - Casa do Portinho\" \/>\n<meta property=\"og:description\" content=\"O mar dos A\u00e7ores \u00e0 sua mesa! Prove o melhor peixe fumado, pescado e produzido de forma artesanal, fumado com faia-da-terra, end\u00e9mica das nossas ilhas.\" \/>\n<meta property=\"og:url\" content=\"https:\/\/casadoportinho.com\/en\/marcamos-presenca-na-feira-de-produtos-dos-acores-no-el-corte-ingles\/\" \/>\n<meta property=\"og:site_name\" content=\"Casa do Portinho\" \/>\n<meta property=\"article:published_time\" content=\"2020-12-16T17:16:27+00:00\" \/>\n<meta property=\"article:modified_time\" content=\"2020-12-16T17:24:54+00:00\" \/>\n<meta property=\"og:image\" content=\"https:\/\/casadoportinho.com\/wp-content\/uploads\/2020\/05\/elcorteingles.jpg\" \/>\n\t<meta property=\"og:image:width\" content=\"960\" \/>\n\t<meta property=\"og:image:height\" content=\"720\" \/>\n\t<meta property=\"og:image:type\" content=\"image\/jpeg\" \/>\n<meta name=\"author\" content=\"Sara Vieira\" \/>\n<meta name=\"twitter:card\" content=\"summary_large_image\" \/>\n<meta name=\"twitter:label1\" content=\"Written by\" \/>\n\t<meta name=\"twitter:data1\" content=\"Sara Vieira\" \/>\n<script type=\"application\/ld+json\" class=\"yoast-schema-graph\">{\"@context\":\"https:\\\/\\\/schema.org\",\"@graph\":[{\"@type\":\"Article\",\"@id\":\"https:\\\/\\\/casadoportinho.com\\\/en\\\/marcamos-presenca-na-feira-de-produtos-dos-acores-no-el-corte-ingles\\\/#article\",\"isPartOf\":{\"@id\":\"https:\\\/\\\/casadoportinho.com\\\/en\\\/marcamos-presenca-na-feira-de-produtos-dos-acores-no-el-corte-ingles\\\/\"},\"author\":{\"name\":\"Sara Vieira\",\"@id\":\"https:\\\/\\\/casadoportinho.com\\\/#\\\/schema\\\/person\\\/1192d06dfe0bdbc3c5727a95937e93a0\"},\"headline\":\"We were present at the Azores products fair at El Corte Ingl\u00e9s\",\"datePublished\":\"2020-12-16T17:16:27+00:00\",\"dateModified\":\"2020-12-16T17:24:54+00:00\",\"mainEntityOfPage\":{\"@id\":\"https:\\\/\\\/casadoportinho.com\\\/en\\\/marcamos-presenca-na-feira-de-produtos-dos-acores-no-el-corte-ingles\\\/\"},\"wordCount\":75,\"publisher\":{\"@id\":\"https:\\\/\\\/casadoportinho.com\\\/#organization\"},\"image\":{\"@id\":\"https:\\\/\\\/casadoportinho.com\\\/en\\\/marcamos-presenca-na-feira-de-produtos-dos-acores-no-el-corte-ingles\\\/#primaryimage\"},\"thumbnailUrl\":\"https:\\\/\\\/casadoportinho.com\\\/wp-content\\\/uploads\\\/2020\\\/05\\\/elcorteingles.jpg\",\"articleSection\":[\"Fairs\",\"News\"],\"inLanguage\":\"en-US\"},{\"@type\":\"WebPage\",\"@id\":\"https:\\\/\\\/casadoportinho.com\\\/en\\\/marcamos-presenca-na-feira-de-produtos-dos-acores-no-el-corte-ingles\\\/\",\"url\":\"https:\\\/\\\/casadoportinho.com\\\/en\\\/marcamos-presenca-na-feira-de-produtos-dos-acores-no-el-corte-ingles\\\/\",\"name\":\"We were present at the Azores products fair at El Corte Ingl\u00e9s - Casa do Portinho\",\"isPartOf\":{\"@id\":\"https:\\\/\\\/casadoportinho.com\\\/#website\"},\"primaryImageOfPage\":{\"@id\":\"https:\\\/\\\/casadoportinho.com\\\/en\\\/marcamos-presenca-na-feira-de-produtos-dos-acores-no-el-corte-ingles\\\/#primaryimage\"},\"image\":{\"@id\":\"https:\\\/\\\/casadoportinho.com\\\/en\\\/marcamos-presenca-na-feira-de-produtos-dos-acores-no-el-corte-ingles\\\/#primaryimage\"},\"thumbnailUrl\":\"https:\\\/\\\/casadoportinho.com\\\/wp-content\\\/uploads\\\/2020\\\/05\\\/elcorteingles.jpg\",\"datePublished\":\"2020-12-16T17:16:27+00:00\",\"dateModified\":\"2020-12-16T17:24:54+00:00\",\"description\":\"O mar dos A\u00e7ores \u00e0 sua mesa! Prove o melhor peixe fumado, pescado e produzido de forma artesanal, fumado com faia-da-terra, end\u00e9mica das nossas ilhas.\",\"breadcrumb\":{\"@id\":\"https:\\\/\\\/casadoportinho.com\\\/en\\\/marcamos-presenca-na-feira-de-produtos-dos-acores-no-el-corte-ingles\\\/#breadcrumb\"},\"inLanguage\":\"en-US\",\"potentialAction\":[{\"@type\":\"ReadAction\",\"target\":[\"https:\\\/\\\/casadoportinho.com\\\/en\\\/marcamos-presenca-na-feira-de-produtos-dos-acores-no-el-corte-ingles\\\/\"]}]},{\"@type\":\"ImageObject\",\"inLanguage\":\"en-US\",\"@id\":\"https:\\\/\\\/casadoportinho.com\\\/en\\\/marcamos-presenca-na-feira-de-produtos-dos-acores-no-el-corte-ingles\\\/#primaryimage\",\"url\":\"https:\\\/\\\/casadoportinho.com\\\/wp-content\\\/uploads\\\/2020\\\/05\\\/elcorteingles.jpg\",\"contentUrl\":\"https:\\\/\\\/casadoportinho.com\\\/wp-content\\\/uploads\\\/2020\\\/05\\\/elcorteingles.jpg\",\"width\":960,\"height\":720,\"caption\":\"Feira Marca A\u00e7ores no el corte ingl\u00eas apresenta novos produtos da casa do portinho\"},{\"@type\":\"BreadcrumbList\",\"@id\":\"https:\\\/\\\/casadoportinho.com\\\/en\\\/marcamos-presenca-na-feira-de-produtos-dos-acores-no-el-corte-ingles\\\/#breadcrumb\",\"itemListElement\":[{\"@type\":\"ListItem\",\"position\":1,\"name\":\"In\u00edcio\",\"item\":\"https:\\\/\\\/casadoportinho.com\\\/en\\\/\"},{\"@type\":\"ListItem\",\"position\":2,\"name\":\"We were present at the Azores products fair at El Corte Ingl\u00e9s\"}]},{\"@type\":\"WebSite\",\"@id\":\"https:\\\/\\\/casadoportinho.com\\\/#website\",\"url\":\"https:\\\/\\\/casadoportinho.com\\\/\",\"name\":\"Casa do Portinho\",\"description\":\"Peixe Fumado dos A\u00e7ores\",\"publisher\":{\"@id\":\"https:\\\/\\\/casadoportinho.com\\\/#organization\"},\"potentialAction\":[{\"@type\":\"SearchAction\",\"target\":{\"@type\":\"EntryPoint\",\"urlTemplate\":\"https:\\\/\\\/casadoportinho.com\\\/?s={search_term_string}\"},\"query-input\":{\"@type\":\"PropertyValueSpecification\",\"valueRequired\":true,\"valueName\":\"search_term_string\"}}],\"inLanguage\":\"en-US\"},{\"@type\":\"Organization\",\"@id\":\"https:\\\/\\\/casadoportinho.com\\\/#organization\",\"name\":\"Casa do Portinho - Peixe Fumado dos A\u00e7ores\",\"url\":\"https:\\\/\\\/casadoportinho.com\\\/\",\"logo\":{\"@type\":\"ImageObject\",\"inLanguage\":\"en-US\",\"@id\":\"https:\\\/\\\/casadoportinho.com\\\/#\\\/schema\\\/logo\\\/image\\\/\",\"url\":\"https:\\\/\\\/casadoportinho.com\\\/wp-content\\\/uploads\\\/2021\\\/05\\\/106462334_106240267820658_3915239930361009115_n.jpg\",\"contentUrl\":\"https:\\\/\\\/casadoportinho.com\\\/wp-content\\\/uploads\\\/2021\\\/05\\\/106462334_106240267820658_3915239930361009115_n.jpg\",\"width\":1640,\"height\":624,\"caption\":\"Casa do Portinho - Peixe Fumado dos A\u00e7ores\"},\"image\":{\"@id\":\"https:\\\/\\\/casadoportinho.com\\\/#\\\/schema\\\/logo\\\/image\\\/\"}},{\"@type\":\"Person\",\"@id\":\"https:\\\/\\\/casadoportinho.com\\\/#\\\/schema\\\/person\\\/1192d06dfe0bdbc3c5727a95937e93a0\",\"name\":\"Sara Vieira\",\"url\":\"https:\\\/\\\/casadoportinho.com\\\/en\\\/author\\\/ideastation\\\/\"}]}<\/script>\n<!-- \/ Yoast SEO plugin. -->","yoast_head_json":{"title":"We were present at the Azores products fair at El Corte Ingl\u00e9s - Casa do Portinho","description":"O mar dos A\u00e7ores \u00e0 sua mesa! Prove o melhor peixe fumado, pescado e produzido de forma artesanal, fumado com faia-da-terra, end\u00e9mica das nossas ilhas.","robots":{"index":"index","follow":"follow","max-snippet":"max-snippet:-1","max-image-preview":"max-image-preview:large","max-video-preview":"max-video-preview:-1"},"canonical":"https:\/\/casadoportinho.com\/en\/marcamos-presenca-na-feira-de-produtos-dos-acores-no-el-corte-ingles\/","og_locale":"en_US","og_type":"article","og_title":"We were present at the Azores products fair at El Corte Ingl\u00e9s - Casa do Portinho","og_description":"O mar dos A\u00e7ores \u00e0 sua mesa! Prove o melhor peixe fumado, pescado e produzido de forma artesanal, fumado com faia-da-terra, end\u00e9mica das nossas ilhas.","og_url":"https:\/\/casadoportinho.com\/en\/marcamos-presenca-na-feira-de-produtos-dos-acores-no-el-corte-ingles\/","og_site_name":"Casa do Portinho","article_published_time":"2020-12-16T17:16:27+00:00","article_modified_time":"2020-12-16T17:24:54+00:00","og_image":[{"width":960,"height":720,"url":"https:\/\/casadoportinho.com\/wp-content\/uploads\/2020\/05\/elcorteingles.jpg","type":"image\/jpeg"}],"author":"Sara Vieira","twitter_card":"summary_large_image","twitter_misc":{"Written by":"Sara Vieira"},"schema":{"@context":"https:\/\/schema.org","@graph":[{"@type":"Article","@id":"https:\/\/casadoportinho.com\/en\/marcamos-presenca-na-feira-de-produtos-dos-acores-no-el-corte-ingles\/#article","isPartOf":{"@id":"https:\/\/casadoportinho.com\/en\/marcamos-presenca-na-feira-de-produtos-dos-acores-no-el-corte-ingles\/"},"author":{"name":"Sara Vieira","@id":"https:\/\/casadoportinho.com\/#\/schema\/person\/1192d06dfe0bdbc3c5727a95937e93a0"},"headline":"We were present at the Azores products fair at El Corte Ingl\u00e9s","datePublished":"2020-12-16T17:16:27+00:00","dateModified":"2020-12-16T17:24:54+00:00","mainEntityOfPage":{"@id":"https:\/\/casadoportinho.com\/en\/marcamos-presenca-na-feira-de-produtos-dos-acores-no-el-corte-ingles\/"},"wordCount":75,"publisher":{"@id":"https:\/\/casadoportinho.com\/#organization"},"image":{"@id":"https:\/\/casadoportinho.com\/en\/marcamos-presenca-na-feira-de-produtos-dos-acores-no-el-corte-ingles\/#primaryimage"},"thumbnailUrl":"https:\/\/casadoportinho.com\/wp-content\/uploads\/2020\/05\/elcorteingles.jpg","articleSection":["Fairs","News"],"inLanguage":"en-US"},{"@type":"WebPage","@id":"https:\/\/casadoportinho.com\/en\/marcamos-presenca-na-feira-de-produtos-dos-acores-no-el-corte-ingles\/","url":"https:\/\/casadoportinho.com\/en\/marcamos-presenca-na-feira-de-produtos-dos-acores-no-el-corte-ingles\/","name":"We were present at the Azores products fair at El Corte Ingl\u00e9s - Casa do Portinho","isPartOf":{"@id":"https:\/\/casadoportinho.com\/#website"},"primaryImageOfPage":{"@id":"https:\/\/casadoportinho.com\/en\/marcamos-presenca-na-feira-de-produtos-dos-acores-no-el-corte-ingles\/#primaryimage"},"image":{"@id":"https:\/\/casadoportinho.com\/en\/marcamos-presenca-na-feira-de-produtos-dos-acores-no-el-corte-ingles\/#primaryimage"},"thumbnailUrl":"https:\/\/casadoportinho.com\/wp-content\/uploads\/2020\/05\/elcorteingles.jpg","datePublished":"2020-12-16T17:16:27+00:00","dateModified":"2020-12-16T17:24:54+00:00","description":"O mar dos A\u00e7ores \u00e0 sua mesa! Prove o melhor peixe fumado, pescado e produzido de forma artesanal, fumado com faia-da-terra, end\u00e9mica das nossas ilhas.","breadcrumb":{"@id":"https:\/\/casadoportinho.com\/en\/marcamos-presenca-na-feira-de-produtos-dos-acores-no-el-corte-ingles\/#breadcrumb"},"inLanguage":"en-US","potentialAction":[{"@type":"ReadAction","target":["https:\/\/casadoportinho.com\/en\/marcamos-presenca-na-feira-de-produtos-dos-acores-no-el-corte-ingles\/"]}]},{"@type":"ImageObject","inLanguage":"en-US","@id":"https:\/\/casadoportinho.com\/en\/marcamos-presenca-na-feira-de-produtos-dos-acores-no-el-corte-ingles\/#primaryimage","url":"https:\/\/casadoportinho.com\/wp-content\/uploads\/2020\/05\/elcorteingles.jpg","contentUrl":"https:\/\/casadoportinho.com\/wp-content\/uploads\/2020\/05\/elcorteingles.jpg","width":960,"height":720,"caption":"Feira Marca A\u00e7ores no el corte ingl\u00eas apresenta novos produtos da casa do portinho"},{"@type":"BreadcrumbList","@id":"https:\/\/casadoportinho.com\/en\/marcamos-presenca-na-feira-de-produtos-dos-acores-no-el-corte-ingles\/#breadcrumb","itemListElement":[{"@type":"ListItem","position":1,"name":"In\u00edcio","item":"https:\/\/casadoportinho.com\/en\/"},{"@type":"ListItem","position":2,"name":"We were present at the Azores products fair at El Corte Ingl\u00e9s"}]},{"@type":"WebSite","@id":"https:\/\/casadoportinho.com\/#website","url":"https:\/\/casadoportinho.com\/","name":"Casa do Portinho","description":"Peixe Fumado dos A\u00e7ores","publisher":{"@id":"https:\/\/casadoportinho.com\/#organization"},"potentialAction":[{"@type":"SearchAction","target":{"@type":"EntryPoint","urlTemplate":"https:\/\/casadoportinho.com\/?s={search_term_string}"},"query-input":{"@type":"PropertyValueSpecification","valueRequired":true,"valueName":"search_term_string"}}],"inLanguage":"en-US"},{"@type":"Organization","@id":"https:\/\/casadoportinho.com\/#organization","name":"Casa do Portinho - Peixe Fumado dos A\u00e7ores","url":"https:\/\/casadoportinho.com\/","logo":{"@type":"ImageObject","inLanguage":"en-US","@id":"https:\/\/casadoportinho.com\/#\/schema\/logo\/image\/","url":"https:\/\/casadoportinho.com\/wp-content\/uploads\/2021\/05\/106462334_106240267820658_3915239930361009115_n.jpg","contentUrl":"https:\/\/casadoportinho.com\/wp-content\/uploads\/2021\/05\/106462334_106240267820658_3915239930361009115_n.jpg","width":1640,"height":624,"caption":"Casa do Portinho - Peixe Fumado dos A\u00e7ores"},"image":{"@id":"https:\/\/casadoportinho.com\/#\/schema\/logo\/image\/"}},{"@type":"Person","@id":"https:\/\/casadoportinho.com\/#\/schema\/person\/1192d06dfe0bdbc3c5727a95937e93a0","name":"Sara Vieira","url":"https:\/\/casadoportinho.com\/en\/author\/ideastation\/"}]}},"_links":{"self":[{"href":"https:\/\/casadoportinho.com\/en\/wp-json\/wp\/v2\/posts\/1089","targetHints":{"allow":["GET"]}}],"collection":[{"href":"https:\/\/casadoportinho.com\/en\/wp-json\/wp\/v2\/posts"}],"about":[{"href":"https:\/\/casadoportinho.com\/en\/wp-json\/wp\/v2\/types\/post"}],"author":[{"embeddable":true,"href":"https:\/\/casadoportinho.com\/en\/wp-json\/wp\/v2\/users\/17"}],"replies":[{"embeddable":true,"href":"https:\/\/casadoportinho.com\/en\/wp-json\/wp\/v2\/comments?post=1089"}],"version-history":[{"count":0,"href":"https:\/\/casadoportinho.com\/en\/wp-json\/wp\/v2\/posts\/1089\/revisions"}],"wp:featuredmedia":[{"embeddable":true,"href":"https:\/\/casadoportinho.com\/en\/wp-json\/wp\/v2\/media\/1090"}],"wp:attachment":[{"href":"https:\/\/casadoportinho.com\/en\/wp-json\/wp\/v2\/media?parent=1089"}],"wp:term":[{"taxonomy":"category","embeddable":true,"href":"https:\/\/casadoportinho.com\/en\/wp-json\/wp\/v2\/categories?post=1089"},{"taxonomy":"post_tag","embeddable":true,"href":"https:\/\/casadoportinho.com\/en\/wp-json\/wp\/v2\/tags?post=1089"}],"curies":[{"name":"wp","href":"https:\/\/api.w.org\/{rel}","templated":true}]}}